{"id":2659,"date":"2020-11-27T14:39:44","date_gmt":"2020-11-27T13:39:44","guid":{"rendered":"https:\/\/www.pfadi-nueziders.at\/?p=2659"},"modified":"2022-11-10T14:46:04","modified_gmt":"2022-11-10T13:46:04","slug":"neuer-vereinsvorstand","status":"publish","type":"post","link":"https:\/\/www.pfadi-nueziders.at\/?p=2659","title":{"rendered":"Neuer Vereinsvorstand"},"content":{"rendered":"\n<p>Am Samstag, den 19.09.2020 hat das aktuelle Pfadi-Jahr unter den allseits bekannten, erschwerten Bedingungen begonnen. Unter Einhaltung der Covid-19-Vorgaben wurde zudem die 40. Jahreshauptversammlung abgehalten.<\/p>\n\n\n\n<p>Nachdem der Vorstand bei der Jahreshauptversammlung von den Anwesenden entlastet wurde, haben unser langj\u00e4hriger Obmann, Rainer Melk, sowie dessen Stellvertreterin, Claudia Steinbacher, ihren R\u00fccktritt von ihren \u00c4mtern bekannt gegeben. Bereits im Vorfeld hat auch die Gruppenleiterin, Jennifer Schacherl, ihre Funktion zur\u00fcckgelegt.<\/p>\n\n\n\n<p>Wir bedanken uns an dieser Stelle nochmals bei Rainer, Claudia und Jennifer f\u00fcr Ihre langj\u00e4hrige, ambitionierte T\u00e4tigkeit f\u00fcr unseren Verein und zum Wohle der vielen Pfadi-Kinder. Mit ihrer Mithilfe konnten viele Projekte im und um das Pfadfinderheim sowie in der Gruppenarbeit umgesetzt werden.<\/p>\n\n\n\n<p>Bereits im Vorfeld der Jahreshauptversammlung wurde Lukas Zimmermann zum neuen Gruppenleiter und somit als Nachfolger von Jennifer gew\u00e4hlt.<\/p>\n\n\n\n<p>Die Nachfolge f\u00fcr die Obmann- und die Obmann-Stellvertreter-Funktion zu finden hat hingegen einige Wochen gedauert. Nun sind diese jedoch zur Neubesetzung gelangt. Walter Sparr wird ab sofort die Obmann-Funktion \u00fcbernehmen. Die Obmann-Stellvertreter-Funktion wird zuk\u00fcnftig vom Schriftf\u00fchrer, Markus Schacherl, in Personalunion \u00fcbernommen. Den Vorstand vervollst\u00e4ndigt Edgar Loretz als Kassier.<\/p>\n\n\n\n<p>Wir w\u00fcnschen an dieser Stelle allen viel Freude und Engagement bei den neuen Aufgaben, damit unser Vereinsgedanke auch zuk\u00fcnftig ungehindert weitergef\u00fchrt werden kann.<\/p>\n\n\n\n<p>Sollte sich jemand berufen f\u00fchlen uns im Vereinsvorstand oder bei der Arbeit mit den Pfadi-Kindern unterst\u00fctzen zu wollen, ist jederzeit eine Kontaktaufnahme m\u00f6glich. Bitte verwendet dazu unser <a href=\"https:\/\/www.pfadi-nueziders.at\/?page_id=79\">Kontaktformular<\/a><\/p>\n","protected":false},"excerpt":{"rendered":"<p>Am Samstag, den 19.09.2020 hat das aktuelle Pfadi-Jahr unter den allseits bekannten, erschwerten Bedingungen begonnen. Unter Einhaltung der Covid-19-Vorgaben wurde zudem die 40. Jahreshauptversammlung abgehalten. Nachdem der Vorstand bei der Jahreshauptversammlung von den Anwesenden entlastet wurde, haben unser langj\u00e4hriger Obmann, &hellip; <a href=\"https:\/\/www.pfadi-nueziders.at\/?p=2659\">Weiterlesen <span class=\"meta-nav\">&rarr;<\/span><\/a><\/p>\n","protected":false},"author":1,"featured_media":0,"comment_status":"open","ping_status":"open","sticky":false,"template":"","format":"standard","meta":{"ngg_post_thumbnail":0,"footnotes":""},"categories":[1,19],"tags":[],"class_list":["post-2659","post","type-post","status-publish","format-standard","hentry","category-allgemein","category-elternrat"],"_links":{"self":[{"href":"https:\/\/www.pfadi-nueziders.at\/index.php?rest_route=\/wp\/v2\/posts\/2659","targetHints":{"allow":["GET"]}}],"collection":[{"href":"https:\/\/www.pfadi-nueziders.at\/index.php?rest_route=\/wp\/v2\/posts"}],"about":[{"href":"https:\/\/www.pfadi-nueziders.at\/index.php?rest_route=\/wp\/v2\/types\/post"}],"author":[{"embeddable":true,"href":"https:\/\/www.pfadi-nueziders.at\/index.php?rest_route=\/wp\/v2\/users\/1"}],"replies":[{"embeddable":true,"href":"https:\/\/www.pfadi-nueziders.at\/index.php?rest_route=%2Fwp%2Fv2%2Fcomments&post=2659"}],"version-history":[{"count":5,"href":"https:\/\/www.pfadi-nueziders.at\/index.php?rest_route=\/wp\/v2\/posts\/2659\/revisions"}],"predecessor-version":[{"id":4295,"href":"https:\/\/www.pfadi-nueziders.at\/index.php?rest_route=\/wp\/v2\/posts\/2659\/revisions\/4295"}],"wp:attachment":[{"href":"https:\/\/www.pfadi-nueziders.at\/index.php?rest_route=%2Fwp%2Fv2%2Fmedia&parent=2659"}],"wp:term":[{"taxonomy":"category","embeddable":true,"href":"https:\/\/www.pfadi-nueziders.at\/index.php?rest_route=%2Fwp%2Fv2%2Fcategories&post=2659"},{"taxonomy":"post_tag","embeddable":true,"href":"https:\/\/www.pfadi-nueziders.at\/index.php?rest_route=%2Fwp%2Fv2%2Ftags&post=2659"}],"curies":[{"name":"wp","href":"https:\/\/api.w.org\/{rel}","templated":true}]}}