{"id":4186,"date":"2022-11-10T13:53:49","date_gmt":"2022-11-10T12:53:49","guid":{"rendered":"https:\/\/www.pfadi-nueziders.at\/?p=4186"},"modified":"2022-11-10T14:00:29","modified_gmt":"2022-11-10T13:00:29","slug":"wochenendlager-am-15-16-oktober-2022","status":"publish","type":"post","link":"https:\/\/www.pfadi-nueziders.at\/?p=4186","title":{"rendered":"Wochenendlager am 15.\/16. Oktober 2022"},"content":{"rendered":"\n<p>Der Wettergott war dem ersten Wochenendlager im Herbst 2022 sehr wohlgesonnen. P\u00fcnktlich mit Campstart um 14 Uhr lie\u00df sich die Sonne blicken und 14 Kinder und 6 Leiter konnten sich auf ein abwechslungsreiches Wochenende im Pfadiheim N\u00fcziders freuen.<\/p>\n\n\n\n<p>Die WiW\u00f6 (Wichtel+W\u00f6lfe) machten sich gleich in Richtung Ill auf, um am Fluss ein paar spannende Stunden zu verbringen.<\/p>\n\n\n\n<p>W\u00e4hrenddessen besch\u00e4ftigten sich die GuSp (Guides+Sp\u00e4her) und CaEx (Caravelles+Explorer) mit Lagerbauten hinter dem Heim. Die CaEx bauten f\u00fcr die Feuerstelle eine neue Bank und die GuSp durften sich darin \u00fcben, eine Kochstelle mit Sitzgelegenheit aufzustellen.<\/p>\n\n\n\n<p>Beim gemeinsamen Grillen am Abend konnten die \u201eBauwerke\u201c gleich ausprobiert und eingeweiht werden.<\/p>\n\n\n\n<p>Im Anschluss an das Abendessen fand die j\u00e4hrliche \u00dcberstellungsfeier statt. Dabei werden jene Pfadis \u201e\u00fcberstellt\u201c, die in die n\u00e4chsth\u00f6here Altersstufe wechseln. Bei den N\u00fcziger Pfadfindern wurden somit aus einigen WiW\u00f6 ein paar GuSp.<\/p>\n\n\n\n<p>Nach diesem ereignisreichen Tag wurde es irgendwann Zeit, die Nachtruhe einzul\u00e4uten und alle Kinder schl\u00fcpften in ihre Schlafs\u00e4cke.<\/p>\n\n\n\n<p>Am Sonntagmorgen zauberte \u201ePfadi-Chefkoch Lukas\u201c ein leckeres Fr\u00fchst\u00fcck mit Pfannkuchen. Dadurch waren alle ausreichend gest\u00e4rkt, um beim Aufr\u00e4umen und Saubermachen tatkr\u00e4ftig mitzuwirken.<\/p>\n\n\n\n<p>In m\u00fcde, aber gl\u00fcckliche Gesichter durften alle Eltern blicken, als sie ihre Kinder vom Wochenendlager abholten.<\/p>\n\n\n\n<p>Eindr\u00fccke vom Lager findet ihr im <a href=\"https:\/\/www.pfadi-nueziders.at\/index.php\/nggallery\/fotos\/wochenendlager-2022?page_id=5\" data-type=\"URL\" data-id=\"https:\/\/www.pfadi-nueziders.at\/index.php\/nggallery\/fotos\/wochenendlager-2022?page_id=5\">Fotoalbum<\/a>.<\/p>\n","protected":false},"excerpt":{"rendered":"<p>Der Wettergott war dem ersten Wochenendlager im Herbst 2022 sehr wohlgesonnen. P\u00fcnktlich mit Campstart um 14 Uhr lie\u00df sich die Sonne blicken und 14 Kinder und 6 Leiter konnten sich auf ein abwechslungsreiches Wochenende im Pfadiheim N\u00fcziders freuen. Die WiW\u00f6 &hellip; <a href=\"https:\/\/www.pfadi-nueziders.at\/?p=4186\">Weiterlesen <span class=\"meta-nav\">&rarr;<\/span><\/a><\/p>\n","protected":false},"author":1,"featured_media":4192,"comment_status":"open","ping_status":"open","sticky":false,"template":"","format":"standard","meta":{"ngg_post_thumbnail":1361,"footnotes":""},"categories":[13,16,15,12,17,14],"tags":[],"class_list":["post-4186","post","type-post","status-publish","format-standard","has-post-thumbnail","hentry","category-aktion","category-caex","category-gusp","category-lager","category-raro","category-wiwoe"],"_links":{"self":[{"href":"https:\/\/www.pfadi-nueziders.at\/index.php?rest_route=\/wp\/v2\/posts\/4186","targetHints":{"allow":["GET"]}}],"collection":[{"href":"https:\/\/www.pfadi-nueziders.at\/index.php?rest_route=\/wp\/v2\/posts"}],"about":[{"href":"https:\/\/www.pfadi-nueziders.at\/index.php?rest_route=\/wp\/v2\/types\/post"}],"author":[{"embeddable":true,"href":"https:\/\/www.pfadi-nueziders.at\/index.php?rest_route=\/wp\/v2\/users\/1"}],"replies":[{"embeddable":true,"href":"https:\/\/www.pfadi-nueziders.at\/index.php?rest_route=%2Fwp%2Fv2%2Fcomments&post=4186"}],"version-history":[{"count":2,"href":"https:\/\/www.pfadi-nueziders.at\/index.php?rest_route=\/wp\/v2\/posts\/4186\/revisions"}],"predecessor-version":[{"id":4189,"href":"https:\/\/www.pfadi-nueziders.at\/index.php?rest_route=\/wp\/v2\/posts\/4186\/revisions\/4189"}],"wp:featuredmedia":[{"embeddable":true,"href":"https:\/\/www.pfadi-nueziders.at\/index.php?rest_route=\/wp\/v2\/media\/4192"}],"wp:attachment":[{"href":"https:\/\/www.pfadi-nueziders.at\/index.php?rest_route=%2Fwp%2Fv2%2Fmedia&parent=4186"}],"wp:term":[{"taxonomy":"category","embeddable":true,"href":"https:\/\/www.pfadi-nueziders.at\/index.php?rest_route=%2Fwp%2Fv2%2Fcategories&post=4186"},{"taxonomy":"post_tag","embeddable":true,"href":"https:\/\/www.pfadi-nueziders.at\/index.php?rest_route=%2Fwp%2Fv2%2Ftags&post=4186"}],"curies":[{"name":"wp","href":"https:\/\/api.w.org\/{rel}","templated":true}]}}