{"id":4326,"date":"2023-10-31T14:11:46","date_gmt":"2023-10-31T13:11:46","guid":{"rendered":"https:\/\/www.pfadi-nueziders.at\/?p=4326"},"modified":"2023-10-31T14:11:46","modified_gmt":"2023-10-31T13:11:46","slug":"neues-verbandslogo","status":"publish","type":"post","link":"https:\/\/www.pfadi-nueziders.at\/?p=4326","title":{"rendered":"Neues Verbandslogo"},"content":{"rendered":"\n<p>Alles registrierten Mitglieder der Pfadfinder*innen \u00d6sterreichs konnten den ganzen Juni \u00fcber ihr neues Verbandslogo abstimmen. Es war eine tolle M\u00f6glichkeit mit den Kindern und Jugendlichen \u00fcber Partizipation und Demokratie zu sprechen. Wir stellen hiermit das neue Logo vor:<\/p>\n\n\n\n<figure class=\"wp-block-image size-large\"><a href=\"https:\/\/www.pfadi-nueziders.at\/wp-content\/uploads\/2023\/10\/logo_PPOE_2023_RGB_150dpi_web.png\"><img loading=\"lazy\" decoding=\"async\" width=\"1024\" height=\"478\" src=\"https:\/\/www.pfadi-nueziders.at\/wp-content\/uploads\/2023\/10\/logo_PPOE_2023_RGB_150dpi_web-1024x478.png\" alt=\"\" class=\"wp-image-4327\" srcset=\"https:\/\/www.pfadi-nueziders.at\/wp-content\/uploads\/2023\/10\/logo_PPOE_2023_RGB_150dpi_web-1024x478.png 1024w, https:\/\/www.pfadi-nueziders.at\/wp-content\/uploads\/2023\/10\/logo_PPOE_2023_RGB_150dpi_web-300x140.png 300w, https:\/\/www.pfadi-nueziders.at\/wp-content\/uploads\/2023\/10\/logo_PPOE_2023_RGB_150dpi_web-768x359.png 768w, https:\/\/www.pfadi-nueziders.at\/wp-content\/uploads\/2023\/10\/logo_PPOE_2023_RGB_150dpi_web-500x233.png 500w, https:\/\/www.pfadi-nueziders.at\/wp-content\/uploads\/2023\/10\/logo_PPOE_2023_RGB_150dpi_web.png 1422w\" sizes=\"auto, (max-width: 1024px) 100vw, 1024px\" \/><\/a><\/figure>\n","protected":false},"excerpt":{"rendered":"<p>Alles registrierten Mitglieder der Pfadfinder*innen \u00d6sterreichs konnten den ganzen Juni \u00fcber ihr neues Verbandslogo abstimmen. Es war eine tolle M\u00f6glichkeit mit den Kindern und Jugendlichen \u00fcber Partizipation und Demokratie zu sprechen. Wir stellen hiermit das neue Logo vor:<\/p>\n","protected":false},"author":1,"featured_media":0,"comment_status":"open","ping_status":"open","sticky":false,"template":"","format":"standard","meta":{"ngg_post_thumbnail":0,"footnotes":""},"categories":[1,38,16,19,18,15,17,14],"tags":[],"class_list":["post-4326","post","type-post","status-publish","format-standard","hentry","category-allgemein","category-altpfadfinder","category-caex","category-elternrat","category-gruppenleitung","category-gusp","category-raro","category-wiwoe"],"_links":{"self":[{"href":"https:\/\/www.pfadi-nueziders.at\/index.php?rest_route=\/wp\/v2\/posts\/4326","targetHints":{"allow":["GET"]}}],"collection":[{"href":"https:\/\/www.pfadi-nueziders.at\/index.php?rest_route=\/wp\/v2\/posts"}],"about":[{"href":"https:\/\/www.pfadi-nueziders.at\/index.php?rest_route=\/wp\/v2\/types\/post"}],"author":[{"embeddable":true,"href":"https:\/\/www.pfadi-nueziders.at\/index.php?rest_route=\/wp\/v2\/users\/1"}],"replies":[{"embeddable":true,"href":"https:\/\/www.pfadi-nueziders.at\/index.php?rest_route=%2Fwp%2Fv2%2Fcomments&post=4326"}],"version-history":[{"count":1,"href":"https:\/\/www.pfadi-nueziders.at\/index.php?rest_route=\/wp\/v2\/posts\/4326\/revisions"}],"predecessor-version":[{"id":4328,"href":"https:\/\/www.pfadi-nueziders.at\/index.php?rest_route=\/wp\/v2\/posts\/4326\/revisions\/4328"}],"wp:attachment":[{"href":"https:\/\/www.pfadi-nueziders.at\/index.php?rest_route=%2Fwp%2Fv2%2Fmedia&parent=4326"}],"wp:term":[{"taxonomy":"category","embeddable":true,"href":"https:\/\/www.pfadi-nueziders.at\/index.php?rest_route=%2Fwp%2Fv2%2Fcategories&post=4326"},{"taxonomy":"post_tag","embeddable":true,"href":"https:\/\/www.pfadi-nueziders.at\/index.php?rest_route=%2Fwp%2Fv2%2Ftags&post=4326"}],"curies":[{"name":"wp","href":"https:\/\/api.w.org\/{rel}","templated":true}]}}